{"id":1324,"count":15,"description":"<div class=\"cols\">\r\n<div class=\"col-100\" style=\"padding-bottom: 0px\">\r\n<h1>S\u00e9lection Dieter Van Den Storm<\/h1>\r\nBas\u00e9 \u00e0 Bruxelles, professionnel des relations publiques et de la communication dans le domaine du design, Dieter Van Den Storm est un directeur de cr\u00e9ation et journaliste cr\u00e9atif. Il est le directeur de cr\u00e9ation et de la communication au sein de MAD Brussels, Home of creators.\r\n\r\nNous avons demand\u00e9 \u00e0 Dieter de mettre en avant 5 de nos exposants sur notre e-Supermarket et il a s\u00e9lectionn\u00e9 5 artistes qui remettent l\u2019establishment \u00e9thique de leur secteur en question.\r\n<h3 style=\"margin-bottom: 0px;color: #4600a0\">S\u00e9lection d'artistes<\/h3>\r\n<\/div>\r\n<\/div>\r\n<div class=\"cols\">\r\n<div class=\"col-50\" style=\"padding-top: 0px;padding-bottom: 0\">\r\n\r\n<a href=\"https:\/\/nationalstore.be\/fr\/store\/pevdp\/\"><span style=\"color: #4600a0\">Pierre-Emmanuel Vandeputte<\/span><\/a>\r\n<em>\"Je suis le travail de Pierre-Emmanuel depuis le d\u00e9but. Il est fascinant de voir comment un designer acquiert progressivement sa propre voix et d\u00e9veloppe son propre langage des formes. Ses meubles en acier sont solides mais \u00e9l\u00e9gants.\"<\/em>\r\n\r\n<a href=\"https:\/\/nationalstore.be\/fr\/store\/daan-de-wit\/\"><span style=\"color: #4600a0\">Daan De Wit<\/span><\/a>\r\n<em>\"Le travail de ce jeune designer d\u00e9butant est tr\u00e8s po\u00e9tique. Son stage chez Junya Ishigami au Japon l'a \u00e9norm\u00e9ment fa\u00e7onn\u00e9. On sent que ce n'est que le d\u00e9but. Je me demande ce que Daan nous r\u00e9serve dans les ann\u00e9es \u00e0 venir.\"<\/em>\r\n\r\n<span style=\"color: #4600a0\"><a style=\"color: #4600a0\" href=\"https:\/\/nationalstore.be\/fr\/store\/frizbee-ceramics\/\">Frizbee Ceramics<\/a><\/span>\r\n<em>\"J'adore la c\u00e9ramique. Le travail de Frizbee est gai, color\u00e9, fait avec art. Leurs assiettes et leurs tasses \u00e0 caf\u00e9 avec les smileys vous rendent tout simplement heureux. \"<\/em>\r\n\r\n<\/div>\r\n<div class=\"col-50\" style=\"padding-top: 0px\">\r\n\r\n<a href=\"https:\/\/nationalstore.be\/fr\/store\/oksqin\/\"><span style=\"color: #4600a0\">\u00d4KSQIN<\/a>\r\n<em>\"L'histoire de la soci\u00e9t\u00e9 bruxelloise \u00d4skqin est tout \u00e0 fait conforme \u00e0 l'esprit de l'\u00e9poque. Des sacs \u00e0 dos et des sacs fabriqu\u00e9s en li\u00e8ge. Vegan et \u00e9cologique \u00e0 la fois. Aucun sac n'est identique, ce qui le rend encore plus unique.\"<\/em>\r\n\r\n<a href=\"https:\/\/nationalstore.be\/fr\/store\/volmaakt\/\"><span style=\"color: #4600a0\">Volmaakt<\/span><\/a>\r\n<em>\"Le label gantois Volmaakt r\u00e9unit des entreprises de fabrication et des designers locaux. Le plaisir est donc double lorsqu'il s'agit d'objets fabriqu\u00e9s localement. Le r\u00e9sultat est entre-temps visible dans deux collections \u00e9blouissantes. Les serre-livres en pierre de Sep Verboom se distinguent. Mais les cr\u00e9ations de Cas Moor, Armand &amp; Francine et Goele Maes, entre autres, figurent \u00e9galement depuis longtemps sur ma liste de souhaits.\"<\/em>\r\n\r\n<\/div>\r\n<\/div>","link":"https:\/\/nationalstore.be\/fr\/pc\/subcategories-fr\/selection-dieter-van-den-storm","name":"S\u00e9lection Dieter Van Den Storm","slug":"selection-dieter-van-den-storm","taxonomy":"product_cat","parent":535,"meta":[],"yoast_head":"<!-- This site is optimized with the Yoast SEO plugin v19.1 - https:\/\/yoast.com\/wordpress\/plugins\/seo\/ -->\n<title>S\u00e9lection Dieter Van Den Storm | E-shop artistes belges<\/title>\n<meta name=\"description\" content=\"Vous \u00eates \u00e0 la recherche d&#039;un produit comme S\u00e9lection Dieter Van Den Storm \u00e0 acheter? Vous trouverez de nombreux produits artisanaux dans notre e-shop!\" \/>\n<meta name=\"robots\" content=\"index, follow, max-snippet:-1, max-image-preview:large, max-video-preview:-1\" \/>\n<link rel=\"canonical\" href=\"https:\/\/nationalstore.be\/fr\/pc\/subcategories-fr\/selection-dieter-van-den-storm\" \/>\n<meta property=\"og:locale\" content=\"fr_FR\" \/>\n<meta property=\"og:type\" content=\"article\" \/>\n<meta property=\"og:title\" content=\"S\u00e9lection Dieter Van Den Storm | E-shop artistes belges\" \/>\n<meta property=\"og:description\" content=\"Vous \u00eates \u00e0 la recherche d&#039;un produit comme S\u00e9lection Dieter Van Den Storm \u00e0 acheter? Vous trouverez de nombreux produits artisanaux dans notre e-shop!\" \/>\n<meta property=\"og:url\" content=\"https:\/\/nationalstore.be\/fr\/pc\/subcategories-fr\/selection-dieter-van-den-storm\" \/>\n<meta property=\"og:site_name\" content=\"NATIONA(A)L ARTIST SUPERMARKET\" \/>\n<meta property=\"og:image\" content=\"https:\/\/nationalstore.be\/wp-content\/uploads\/2024\/09\/2-2.png\" \/>\n\t<meta property=\"og:image:width\" content=\"1080\" \/>\n\t<meta property=\"og:image:height\" content=\"1080\" \/>\n\t<meta property=\"og:image:type\" content=\"image\/png\" \/>\n<meta name=\"twitter:card\" content=\"summary_large_image\" \/>\n<meta name=\"twitter:site\" content=\"@Nationalstore\" \/>\n<script type=\"application\/ld+json\" class=\"yoast-schema-graph\">{\"@context\":\"https:\/\/schema.org\",\"@graph\":[{\"@type\":\"Organization\",\"@id\":\"https:\/\/nationalstore.be\/fr#organization\",\"name\":\"NATIONA(A)L ARTIST MARKET\",\"url\":\"https:\/\/nationalstore.be\/fr\",\"sameAs\":[\"https:\/\/www.instagram.com\/nationalstore\/\",\"https:\/\/www.facebook.com\/nationalstore\/?ref=br_rs\",\"https:\/\/twitter.com\/Nationalstore\"],\"logo\":{\"@type\":\"ImageObject\",\"inLanguage\":\"fr-FR\",\"@id\":\"https:\/\/nationalstore.be\/fr#\/schema\/logo\/image\/\",\"url\":\"https:\/\/nationalstore.be\/wp-content\/uploads\/2024\/03\/nationaal-logo_mauve-cmjn.png\",\"contentUrl\":\"https:\/\/nationalstore.be\/wp-content\/uploads\/2024\/03\/nationaal-logo_mauve-cmjn.png\",\"width\":3475,\"height\":1352,\"caption\":\"NATIONA(A)L ARTIST MARKET\"},\"image\":{\"@id\":\"https:\/\/nationalstore.be\/fr#\/schema\/logo\/image\/\"}},{\"@type\":\"WebSite\",\"@id\":\"https:\/\/nationalstore.be\/fr#website\",\"url\":\"https:\/\/nationalstore.be\/fr\",\"name\":\"NATIONA(A)L ARTIST SUPERMARKET\",\"description\":\"\",\"publisher\":{\"@id\":\"https:\/\/nationalstore.be\/fr#organization\"},\"potentialAction\":[{\"@type\":\"SearchAction\",\"target\":{\"@type\":\"EntryPoint\",\"urlTemplate\":\"https:\/\/nationalstore.be\/fr?s={search_term_string}\"},\"query-input\":\"required name=search_term_string\"}],\"inLanguage\":\"fr-FR\"},{\"@type\":\"CollectionPage\",\"@id\":\"https:\/\/nationalstore.be\/fr\/pc\/subcategories-fr\/selection-dieter-van-den-storm#webpage\",\"url\":\"https:\/\/nationalstore.be\/fr\/pc\/subcategories-fr\/selection-dieter-van-den-storm\",\"name\":\"S\u00e9lection Dieter Van Den Storm | E-shop artistes belges\",\"isPartOf\":{\"@id\":\"https:\/\/nationalstore.be\/fr#website\"},\"description\":\"Vous \u00eates \u00e0 la recherche d'un produit comme S\u00e9lection Dieter Van Den Storm \u00e0 acheter? Vous trouverez de nombreux produits artisanaux dans notre e-shop!\",\"breadcrumb\":{\"@id\":\"https:\/\/nationalstore.be\/fr\/pc\/subcategories-fr\/selection-dieter-van-den-storm#breadcrumb\"},\"inLanguage\":\"fr-FR\",\"potentialAction\":[{\"@type\":\"ReadAction\",\"target\":[\"https:\/\/nationalstore.be\/fr\/pc\/subcategories-fr\/selection-dieter-van-den-storm\"]}]},{\"@type\":\"BreadcrumbList\",\"@id\":\"https:\/\/nationalstore.be\/fr\/pc\/subcategories-fr\/selection-dieter-van-den-storm#breadcrumb\",\"itemListElement\":[{\"@type\":\"ListItem\",\"position\":1,\"name\":\"Home\",\"item\":\"https:\/\/nationalstore.be\/fr\"},{\"@type\":\"ListItem\",\"position\":2,\"name\":\"Produits\",\"item\":\"https:\/\/nationalstore.be\/fr\/shop\"},{\"@type\":\"ListItem\",\"position\":3,\"name\":\"Subcategories\",\"item\":\"https:\/\/nationalstore.be\/fr\/pc\/subcategories-fr\"},{\"@type\":\"ListItem\",\"position\":4,\"name\":\"S\u00e9lection Dieter Van Den Storm\"}]}]}<\/script>\n<!-- \/ Yoast SEO plugin. -->","yoast_head_json":{"title":"S\u00e9lection Dieter Van Den Storm | E-shop artistes belges","description":"Vous \u00eates \u00e0 la recherche d'un produit comme S\u00e9lection Dieter Van Den Storm \u00e0 acheter? Vous trouverez de nombreux produits artisanaux dans notre e-shop!","robots":{"index":"index","follow":"follow","max-snippet":"max-snippet:-1","max-image-preview":"max-image-preview:large","max-video-preview":"max-video-preview:-1"},"canonical":"https:\/\/nationalstore.be\/fr\/pc\/subcategories-fr\/selection-dieter-van-den-storm","og_locale":"fr_FR","og_type":"article","og_title":"S\u00e9lection Dieter Van Den Storm | E-shop artistes belges","og_description":"Vous \u00eates \u00e0 la recherche d'un produit comme S\u00e9lection Dieter Van Den Storm \u00e0 acheter? Vous trouverez de nombreux produits artisanaux dans notre e-shop!","og_url":"https:\/\/nationalstore.be\/fr\/pc\/subcategories-fr\/selection-dieter-van-den-storm","og_site_name":"NATIONA(A)L ARTIST SUPERMARKET","og_image":[{"width":1080,"height":1080,"url":"https:\/\/nationalstore.be\/wp-content\/uploads\/2024\/09\/2-2.png","type":"image\/png"}],"twitter_card":"summary_large_image","twitter_site":"@Nationalstore","schema":{"@context":"https:\/\/schema.org","@graph":[{"@type":"Organization","@id":"https:\/\/nationalstore.be\/fr#organization","name":"NATIONA(A)L ARTIST MARKET","url":"https:\/\/nationalstore.be\/fr","sameAs":["https:\/\/www.instagram.com\/nationalstore\/","https:\/\/www.facebook.com\/nationalstore\/?ref=br_rs","https:\/\/twitter.com\/Nationalstore"],"logo":{"@type":"ImageObject","inLanguage":"fr-FR","@id":"https:\/\/nationalstore.be\/fr#\/schema\/logo\/image\/","url":"https:\/\/nationalstore.be\/wp-content\/uploads\/2024\/03\/nationaal-logo_mauve-cmjn.png","contentUrl":"https:\/\/nationalstore.be\/wp-content\/uploads\/2024\/03\/nationaal-logo_mauve-cmjn.png","width":3475,"height":1352,"caption":"NATIONA(A)L ARTIST MARKET"},"image":{"@id":"https:\/\/nationalstore.be\/fr#\/schema\/logo\/image\/"}},{"@type":"WebSite","@id":"https:\/\/nationalstore.be\/fr#website","url":"https:\/\/nationalstore.be\/fr","name":"NATIONA(A)L ARTIST SUPERMARKET","description":"","publisher":{"@id":"https:\/\/nationalstore.be\/fr#organization"},"potentialAction":[{"@type":"SearchAction","target":{"@type":"EntryPoint","urlTemplate":"https:\/\/nationalstore.be\/fr?s={search_term_string}"},"query-input":"required name=search_term_string"}],"inLanguage":"fr-FR"},{"@type":"CollectionPage","@id":"https:\/\/nationalstore.be\/fr\/pc\/subcategories-fr\/selection-dieter-van-den-storm#webpage","url":"https:\/\/nationalstore.be\/fr\/pc\/subcategories-fr\/selection-dieter-van-den-storm","name":"S\u00e9lection Dieter Van Den Storm | E-shop artistes belges","isPartOf":{"@id":"https:\/\/nationalstore.be\/fr#website"},"description":"Vous \u00eates \u00e0 la recherche d'un produit comme S\u00e9lection Dieter Van Den Storm \u00e0 acheter? Vous trouverez de nombreux produits artisanaux dans notre e-shop!","breadcrumb":{"@id":"https:\/\/nationalstore.be\/fr\/pc\/subcategories-fr\/selection-dieter-van-den-storm#breadcrumb"},"inLanguage":"fr-FR","potentialAction":[{"@type":"ReadAction","target":["https:\/\/nationalstore.be\/fr\/pc\/subcategories-fr\/selection-dieter-van-den-storm"]}]},{"@type":"BreadcrumbList","@id":"https:\/\/nationalstore.be\/fr\/pc\/subcategories-fr\/selection-dieter-van-den-storm#breadcrumb","itemListElement":[{"@type":"ListItem","position":1,"name":"Home","item":"https:\/\/nationalstore.be\/fr"},{"@type":"ListItem","position":2,"name":"Produits","item":"https:\/\/nationalstore.be\/fr\/shop"},{"@type":"ListItem","position":3,"name":"Subcategories","item":"https:\/\/nationalstore.be\/fr\/pc\/subcategories-fr"},{"@type":"ListItem","position":4,"name":"S\u00e9lection Dieter Van Den Storm"}]}]}},"_links":{"self":[{"href":"https:\/\/nationalstore.be\/fr\/wp-json\/wp\/v2\/product_cat\/1324"}],"collection":[{"href":"https:\/\/nationalstore.be\/fr\/wp-json\/wp\/v2\/product_cat"}],"about":[{"href":"https:\/\/nationalstore.be\/fr\/wp-json\/wp\/v2\/taxonomies\/product_cat"}],"up":[{"embeddable":true,"href":"https:\/\/nationalstore.be\/fr\/wp-json\/wp\/v2\/product_cat\/535"}],"wp:post_type":[{"href":"https:\/\/nationalstore.be\/fr\/wp-json\/wp\/v2\/product?product_cat=1324"}],"curies":[{"name":"wp","href":"https:\/\/api.w.org\/{rel}","templated":true}]}}